{"id":112922,"date":"2023-08-21T15:32:22","date_gmt":"2023-08-21T13:32:22","guid":{"rendered":"https:\/\/pruefengel.de\/bilderrahmen-heimlich"},"modified":"2025-04-30T12:42:12","modified_gmt":"2025-04-30T12:42:12","slug":"portarretratos-a3-a4-en-la-prueba-2023","status":"publish","type":"post","link":"https:\/\/pruefengel.de\/es\/portarretratos-a3-a4-en-la-prueba-2023\/","title":{"rendered":"Portarretratos A3\/A4 en la prueba 2023"},"content":{"rendered":"<div style=\"height:15px\" aria-hidden=\"true\" class=\"wp-block-spacer\"><\/div><div style=\"height:15px\" aria-hidden=\"true\" class=\"wp-block-spacer\"><\/div><p>El <strong>marco de fotos Heimlich\u00ae A3\/A4<\/strong> encarna una <strong>armoniosa combinaci\u00f3n <\/strong>de est\u00e9tica y funcionalidad. Con este producto, podr\u00e1 exhibir con estilo sus recuerdos y obras de arte m\u00e1s preciados. Ya sea para un collage art\u00edstico, la presentaci\u00f3n de certificados oficiales o simplemente como escenario para fotograf\u00edas en formato A3, este marco <strong>impresiona<\/strong> por su ajuste perfecto y sus vers\u00e1tiles opciones de aplicaci\u00f3n.<br>Fabricado en <strong>madera aut\u00e9ntica<\/strong> de alta calidad y <strong>cristal acr\u00edlico <\/strong>brillante, el <strong>marco Heimlich\u00ae<\/strong> impresiona por su calidad<strong> \u00abMade in Germany<\/strong>\u00ab. El <strong>veteado visible <\/strong>le confiere una <strong>elegancia natural<\/strong>, mientras que el cristal acr\u00edlico inastillable garantiza la longevidad y la protecci\u00f3n de sus preciados recuerdos. El innovador sistema de montaje con clips giratorios permite <strong>montarlo en la pared sin esfuerzo<\/strong>.<\/p><div style=\"height:30px\" aria-hidden=\"true\" class=\"wp-block-spacer\"><\/div><div class=\"wp-block-columns is-layout-flex wp-container-core-columns-is-layout-28f84493 wp-block-columns-is-layout-flex\"><div class=\"wp-block-column is-layout-flow wp-block-column-is-layout-flow\"><div class=\"wp-block-uagb-advanced-heading uagb-block-5a7213e7\"><h4 class=\"uagb-heading-text\"><strong>Ventajas<\/strong><\/h4><\/div><p>\u2705 Madera de alta calidad procedente de Europa.<br>\u2705 Dise\u00f1os vers\u00e1tiles<br>\u2705 Posibilidad de suspensi\u00f3n sencilla<br>\u2705 Calidad estable y duradera<\/p><p><br \/><br \/><\/p><\/div><div class=\"wp-block-column is-layout-flow wp-block-column-is-layout-flow\"><div class=\"wp-block-uagb-advanced-heading uagb-block-731ad8b9\"><h4 class=\"uagb-heading-text\"><strong>Desventajas<\/strong><\/h4><\/div><p>\u274c Envasado con pel\u00edcula de pl\u00e1stico<\/p><\/div><\/div><div style=\"height:50px\" aria-hidden=\"true\" class=\"wp-block-spacer\"><\/div><div class=\"wp-block-uagb-advanced-heading uagb-block-353981b1\"><\/div><div style=\"height:70px\" aria-hidden=\"true\" class=\"wp-block-spacer\"><\/div><div class=\"wp-block-uagb-advanced-heading uagb-block-f45ec341\" id=\"der-erste-eindruck\"><h2 class=\"uagb-heading-text\">La primera impresi\u00f3n<\/h2><p class=\"uagb-desc-text\">Embalaje y contenido<\/p><\/div><div style=\"height:15px\" aria-hidden=\"true\" class=\"wp-block-spacer\"><\/div><p style=\"font-size:14px\">\u2139\ufe0f Analizamos los envases. La sostenibilidad es un factor cada vez m\u00e1s importante. Por supuesto, tambi\u00e9n debe garantizarse una protecci\u00f3n adecuada del producto. \u00bfEl contenido del envase es completo y el fabricante me facilita al m\u00e1ximo el uso inmediato del producto?<\/p><figure class=\"wp-block-table is-style-regular\"><table class=\"has-white-background-color has-background\"><thead><tr><th>Criterio<\/th><th>Observaci\u00f3n<\/th><th>Puntuaci\u00f3n obtenida*<\/th><\/tr><\/thead><tbody><tr><td>Protecci\u00f3n de los productos<\/td><td>El producto lleg\u00f3 intacto &#8211; los protectores de esquinas ayudan enormemente en este caso<\/td><td>100 puntos<\/td><\/tr><tr><td>Envases sostenibles<\/td><td>Lamentablemente, el uso de pel\u00edcula de pl\u00e1stico es comprensible para este producto, ya que se han evitado residuos de envases innecesarios<\/td><td>100 puntos<\/td><\/tr><tr><td>Contenido y alcance del paquete<\/td><td>Marco<\/td><td>100 puntos<\/td><\/tr><tr><td>Instrucciones de uso<\/td><td>no es necesario<\/td><td>100 puntos<\/td><\/tr><\/tbody><tfoot><tr><td><\/td><td><strong>Total<\/strong><\/td><td><strong>100 puntos<\/strong><\/td><\/tr><\/tfoot><\/table><figcaption class=\"wp-element-caption\"><strong>Ponderaci\u00f3n: 20%.<\/strong><br>*La puntuaci\u00f3n m\u00e1xima es de 100 puntos <\/figcaption><\/figure><div class=\"wp-block-uagb-container uagb-block-ca72937b alignwide uagb-is-root-container\"><div class=\"wp-block-uagb-container uagb-block-9faefb50\"><p>El <strong>portarretratos Heimlich\u00ae A3\/A4<\/strong> causa una buena impresi\u00f3n nada m\u00e1s desembalarlo. El embalaje es <strong>pr\u00e1ctico<\/strong> y <strong>protector <\/strong>, de modo que el producto llega <strong>intacto <\/strong>y <strong>sin ara\u00f1azos <\/strong>ni suciedad. Cabe destacar el uso de <strong>cantoneras<\/strong>, que minimizan el riesgo de da\u00f1os durante el transporte.<br>Sin embargo, ser\u00eda deseable que el envase prestara a\u00fan m\u00e1s atenci\u00f3n a la sostenibilidad. El uso de pel\u00edculas de pl\u00e1stico, que protegen el producto de <strong>ara\u00f1azos<\/strong>, podr\u00eda sustituirse por alternativas m\u00e1s respetuosas con el medio ambiente para mejorar el equilibrio ecol\u00f3gico.<br>El volumen de suministro se centra claramente en lo esencial: El marco en s\u00ed. No hay manual de instrucciones, pero <strong>montarlo <\/strong>en la pared se <strong>explica por s\u00ed solo <\/strong>y <strong>sin complicaciones<\/strong> gracias a los intuitivos clips giratorios.<\/p><\/div><div class=\"wp-block-uagb-container uagb-block-50769c50\"><figure data-wp-context=\"{&quot;imageId&quot;:&quot;69edbb5d56a56&quot;}\" data-wp-interactive=\"core\/image\" class=\"wp-block-image size-large wp-lightbox-container\"><img loading=\"lazy\" decoding=\"async\" width=\"1024\" height=\"1024\" data-wp-class--hide=\"state.isContentHidden\" data-wp-class--show=\"state.isContentVisible\" data-wp-init=\"callbacks.setButtonStyles\" data-wp-on-async--click=\"actions.showLightbox\" data-wp-on-async--load=\"callbacks.setButtonStyles\" data-wp-on-async-window--resize=\"callbacks.setButtonStyles\" src=\"https:\/\/media.pruefengel.de\/2023\/08\/IMG_4017.webp\" alt=\"Verpackung des Bilderrahmens\" class=\"wp-image-25637\" srcset=\"https:\/\/media.pruefengel.de\/2023\/08\/IMG_4017-300x300.png 300w, https:\/\/media.pruefengel.de\/2023\/08\/IMG_4017-1024x1024.webp 1024w, https:\/\/media.pruefengel.de\/2023\/08\/IMG_4017-150x150.png 150w, https:\/\/media.pruefengel.de\/2023\/08\/IMG_4017-768x768.png 768w, https:\/\/media.pruefengel.de\/2023\/08\/IMG_4017.webp 1920w\" sizes=\"auto, (max-width: 1024px) 100vw, 1024px\" \/><button\n\t\t\tclass=\"lightbox-trigger\"\n\t\t\ttype=\"button\"\n\t\t\taria-haspopup=\"dialog\"\n\t\t\taria-label=\"Agrandar\"\n\t\t\tdata-wp-init=\"callbacks.initTriggerButton\"\n\t\t\tdata-wp-on-async--click=\"actions.showLightbox\"\n\t\t\tdata-wp-style--right=\"state.imageButtonRight\"\n\t\t\tdata-wp-style--top=\"state.imageButtonTop\"\n\t\t>\n\t\t\t<svg xmlns=\"http:\/\/www.w3.org\/2000\/svg\" width=\"12\" height=\"12\" fill=\"none\" viewBox=\"0 0 12 12\">\n\t\t\t\t<path fill=\"#fff\" d=\"M2 0a2 2 0 0 0-2 2v2h1.5V2a.5.5 0 0 1 .5-.5h2V0H2Zm2 10.5H2a.5.5 0 0 1-.5-.5V8H0v2a2 2 0 0 0 2 2h2v-1.5ZM8 12v-1.5h2a.5.5 0 0 0 .5-.5V8H12v2a2 2 0 0 1-2 2H8Zm2-12a2 2 0 0 1 2 2v2h-1.5V2a.5.5 0 0 0-.5-.5H8V0h2Z\" \/>\n\t\t\t<\/svg>\n\t\t<\/button><figcaption class=\"wp-element-caption\">Embalaje del marco<\/figcaption><\/figure><\/div><\/div><div style=\"height:50px\" aria-hidden=\"true\" class=\"wp-block-spacer\"><\/div><div class=\"wp-block-uagb-advanced-heading uagb-block-ec6a634f\" id=\"das-erste-mal-in-der-hand\"\"><h2 class=\"uagb-heading-text\">La primera vez en tu mano<\/h2><p class=\"uagb-desc-text\">Elaboraci\u00f3n y aspecto del producto<\/p><\/div><p><\/p><p style=\"font-size:14px\">\u2139\ufe0f Antes de empezar la prueba pr\u00e1ctica, examinamos detenidamente la mano de obra de los productos. \u00bfQu\u00e9 calidad tienen los materiales utilizados? \u00bfSon satisfactorios el aspecto y el tacto?<\/p><figure class=\"wp-block-table is-style-regular\"><table class=\"has-white-background-color has-background\"><thead><tr><th>Criterio<\/th><th>Observaci\u00f3n<\/th><th>Puntuaci\u00f3n obtenida*<\/th><\/tr><\/thead><tbody><tr><td>Aspecto visual<\/td><td>dise\u00f1o atractivo<\/td><td>100 puntos<\/td><\/tr><tr><td>Tratamiento <\/td><td>Buena mano de obra, sin fallos de procesamiento<\/td><td>100 puntos<\/td><\/tr><tr><td>Estabilidad<\/td><td>Muy estable<\/td><td>100 puntos<\/td><\/tr><tr><td>Sostenibilidad del producto<\/td><td>No hay informaci\u00f3n sobre sostenibilidad, pero suponemos que la durabilidad es alta debido a los materiales utilizados + Producto fabricado en la UE<\/td><td>90 puntos<\/td><\/tr><\/tbody><tfoot><tr><td><\/td><td><strong>Total<\/strong><\/td><td><strong>98 puntos<\/strong><\/td><\/tr><\/tfoot><\/table><figcaption class=\"wp-element-caption\"><strong>Ponderaci\u00f3n: 20%.<\/strong><br>*La puntuaci\u00f3n m\u00e1xima es de 100 puntos<\/figcaption><\/figure><div class=\"wp-block-uagb-container uagb-block-52a67473 alignwide uagb-is-root-container\"><div class=\"wp-block-uagb-container uagb-block-815478ef\"><div class=\"wp-block-uagb-image uagb-block-0045f947 wp-block-uagb-image--layout-default wp-block-uagb-image--effect-static wp-block-uagb-image--align-none\"><figure class=\"wp-block-uagb-image__figure\"><img decoding=\"async\" src=\"https:\/\/media.pruefengel.de\/2023\/08\/IMG_4019-926x1024.webp\" alt=\"Vorderseite des Bilderrahmens\" class=\"uag-image-25636\" width=\"1024\" height=\"768\" title=\"\" loading=\"lazy\" \/><figcaption class=\"uagb-image-caption\">Parte delantera del marco<\/figcaption><\/figure><\/div><\/div><div class=\"wp-block-uagb-container uagb-block-357aeb68\"><p>El <strong>marco de fotos Heimlich\u00ae A3\/A4<\/strong> no s\u00f3lo impresiona por su <strong>funcionalidad<\/strong>, sino tambi\u00e9n por <strong>su est\u00e9tica<\/strong>. La apariencia visual es indudablemente atractiva: un dise\u00f1o minimalista y atemporal que se integra armoniosamente en diferentes interiores. La <strong>escasa anchura del marco, de aproximadamente 1 cm<\/strong>, confiere al producto un toque elegante y permite centrar la atenci\u00f3n en la imagen expuesta.<br>La elaboraci\u00f3n del marco <strong>no presenta defectos ni imperfecciones <\/strong>. La cuidada madera aut\u00e9ntica con vetas visibles confiere al marco un toque natural. El <strong>cristal acr\u00edlico <\/strong>de alto brillo no s\u00f3lo proporciona una visi\u00f3n clara de la imagen, sino que tambi\u00e9n es <strong>inastillable <\/strong>y, por tanto, <strong>duradero<\/strong>.<br>El marco resulta <strong>robusto y resistente, <\/strong>un factor importante para que la imagen enmarcada est\u00e9 siempre bien sujeta. Adem\u00e1s, a pesar de su robustez, el marco es comparativamente <strong>ligero <\/strong>, lo que facilita su manejo y colgado.<br>Aunque no se da informaci\u00f3n expl\u00edcita sobre la sostenibilidad del producto, los materiales de alta calidad y el hecho de que el marco se fabrique en Europa sugieren una larga vida \u00fatil.<\/p><\/div><\/div><div style=\"height:50px\" aria-hidden=\"true\" class=\"wp-block-spacer\"><\/div><div class=\"wp-block-uagb-advanced-heading uagb-block-b9b41e8a\" id=\"das-hat-unser-praxistest-ergeben\"><h2 class=\"uagb-heading-text\">Esto es lo que demostr\u00f3 nuestra prueba pr\u00e1ctica<\/h2><p class=\"uagb-desc-text\">\u00bfCumple el fabricante sus promesas publicitarias?<\/p><\/div><div style=\"height:15px\" aria-hidden=\"true\" class=\"wp-block-spacer\"><\/div><p style=\"font-size:14px\">\u2139\ufe0f Nuestra prueba pr\u00e1ctica tiene la m\u00e1xima relevancia y, por tanto, ponderaci\u00f3n. Aqu\u00ed, el producto tiene que someterse a una amplia gama de criterios y pruebas. Comprobamos las funciones y promesas de producto del art\u00edculo de prueba.<\/p><figure class=\"wp-block-table is-style-regular\"><table class=\"has-white-background-color has-background\"><thead><tr><th>Criterio<\/th><th>Observaci\u00f3n<\/th><th>Puntuaci\u00f3n obtenida*<\/th><\/tr><\/thead><tbody><tr><td>Posibles aplicaciones<\/td><td>M\u00faltiples aplicaciones posibles: se puede colgar tanto vertical como horizontalmente<\/td><td>100 puntos<\/td><\/tr><tr><td>Diversidad de estilos<\/td><td>Seis dise\u00f1os y cinco tama\u00f1os diferentes, adecuados para cualquier hogar<\/td><td>100 puntos<\/td><\/tr><tr><td>Manejo y suspensi\u00f3n<\/td><td>los clips individuales evitan que el cuadro se deslice despu\u00e9s de colgarlo<\/td><td>100 puntos<\/td><\/tr><tr><td>calidad<\/td><td>Robusto cristal acr\u00edlico y panel trasero de MDF<\/td><td>100 puntos<\/td><\/tr><tr><td>Sostenibilidad<\/td><td>producto muy sostenible, compuesto de madera europea y producido en Europa, pero sin informaci\u00f3n sobre madera sostenible o iniciativa de sostenibilidad<\/td><td>100 puntos<\/td><\/tr><\/tbody><tfoot><tr><td><\/td><td><strong>Total<\/strong><\/td><td><strong>100 puntos<\/strong><\/td><\/tr><\/tfoot><\/table><figcaption class=\"wp-element-caption\"><strong>Ponderaci\u00f3n: 45<\/strong><br>*La puntuaci\u00f3n m\u00e1xima es de 100 puntos<\/figcaption><\/figure><div class=\"wp-block-uagb-container uagb-block-cbb103a7 alignwide uagb-is-root-container\"><div class=\"wp-block-uagb-container uagb-block-28b8d72b\"><p>Nuestras exhaustivas pruebas del <strong>marco de fotos Heimlich\u00ae A3\/A4<\/strong> han demostrado que este marco de fotos cumple las promesas del fabricante de forma <strong>sobresaliente<\/strong>. Empezando por las posibles aplicaciones, el marco es extremadamente vers\u00e1til. No s\u00f3lo se puede utilizar para enmarcar fotograf\u00edas y certificados en formato A3, sino tambi\u00e9n para presentar obras de arte y recuerdos en los contextos m\u00e1s diversos. La flexibilidad de poder <strong>colgar <\/strong>el marco <strong>tanto horizontal como verticalmente <\/strong>acent\u00faa su adaptabilidad y favorece el dise\u00f1o <strong>individual <\/strong>de interiores.<br>Con una<strong> amplia gama de seis<\/strong> dise\u00f1os diferentes, desde minimalistas hasta llamativos, el marco <strong>Heimlich\u00ae<\/strong> ofrece la oportunidad de complementar <strong>a la <\/strong>perfecci\u00f3n su propio estilo y dise\u00f1o interior. La disponibilidad en cinco tama\u00f1os diferentes subraya la adaptabilidad a una amplia gama de formatos de cuadros.<br>El manejo y el colgado son extremadamente c\u00f3modos. El acabado de alta calidad, en particular el robusto panel posterior de MDF y el panel de visualizaci\u00f3n de cristal acr\u00edlico inastillable, contribuyen a la <strong>seguridad y estabilidad<\/strong> del cuadro enmarcado.<br>El marco no s\u00f3lo satisface las expectativas de calidad, sino que tambi\u00e9n indica cierta sostenibilidad, ya que est\u00e1 fabricado con <strong>materiales de alta calidad<\/strong> y se produce en Alemania.<\/p><\/div><div class=\"wp-block-uagb-container uagb-block-3aa558b4\"><figure data-wp-context=\"{&quot;imageId&quot;:&quot;69edbb5d57ceb&quot;}\" data-wp-interactive=\"core\/image\" class=\"wp-block-image size-large wp-lightbox-container\"><img loading=\"lazy\" decoding=\"async\" width=\"1024\" height=\"1024\" data-wp-class--hide=\"state.isContentHidden\" data-wp-class--show=\"state.isContentVisible\" data-wp-init=\"callbacks.setButtonStyles\" data-wp-on-async--click=\"actions.showLightbox\" data-wp-on-async--load=\"callbacks.setButtonStyles\" data-wp-on-async-window--resize=\"callbacks.setButtonStyles\" src=\"https:\/\/media.pruefengel.de\/2023\/08\/IMG_4020.webp\" alt=\"R\u00fcckseite des Bilderrahmens\" class=\"wp-image-25635\" srcset=\"https:\/\/media.pruefengel.de\/2023\/08\/IMG_4020-300x300.png 300w, https:\/\/media.pruefengel.de\/2023\/08\/IMG_4020-1024x1024.webp 1024w, https:\/\/media.pruefengel.de\/2023\/08\/IMG_4020-150x150.png 150w, https:\/\/media.pruefengel.de\/2023\/08\/IMG_4020-768x768.png 768w, https:\/\/media.pruefengel.de\/2023\/08\/IMG_4020.webp 1920w\" sizes=\"auto, (max-width: 1024px) 100vw, 1024px\" \/><button\n\t\t\tclass=\"lightbox-trigger\"\n\t\t\ttype=\"button\"\n\t\t\taria-haspopup=\"dialog\"\n\t\t\taria-label=\"Agrandar\"\n\t\t\tdata-wp-init=\"callbacks.initTriggerButton\"\n\t\t\tdata-wp-on-async--click=\"actions.showLightbox\"\n\t\t\tdata-wp-style--right=\"state.imageButtonRight\"\n\t\t\tdata-wp-style--top=\"state.imageButtonTop\"\n\t\t>\n\t\t\t<svg xmlns=\"http:\/\/www.w3.org\/2000\/svg\" width=\"12\" height=\"12\" fill=\"none\" viewBox=\"0 0 12 12\">\n\t\t\t\t<path fill=\"#fff\" d=\"M2 0a2 2 0 0 0-2 2v2h1.5V2a.5.5 0 0 1 .5-.5h2V0H2Zm2 10.5H2a.5.5 0 0 1-.5-.5V8H0v2a2 2 0 0 0 2 2h2v-1.5ZM8 12v-1.5h2a.5.5 0 0 0 .5-.5V8H12v2a2 2 0 0 1-2 2H8Zm2-12a2 2 0 0 1 2 2v2h-1.5V2a.5.5 0 0 0-.5-.5H8V0h2Z\" \/>\n\t\t\t<\/svg>\n\t\t<\/button><figcaption class=\"wp-element-caption\">Parte posterior del marco<\/figcaption><\/figure><\/div><\/div><div style=\"height:50px\" aria-hidden=\"true\" class=\"wp-block-spacer\"><\/div><div class=\"wp-block-uagb-advanced-heading uagb-block-81fe8d0c\" id=\"preis-leistungsverhaltnis\"><h2 class=\"uagb-heading-text\">Relaci\u00f3n calidad\/precio<\/h2><p class=\"uagb-desc-text\">y valoraciones de los consumidores<\/p><\/div><div style=\"height:15px\" aria-hidden=\"true\" class=\"wp-block-spacer\"><\/div><p style=\"font-size:14px\">\u2139\ufe0f Por \u00faltimo, analizamos c\u00f3mo se compara el producto con la competencia. \u00bfEst\u00e1 a la altura de la competencia en precio y calidad? \u00bfEn general, recomendar\u00edamos comprarlo? <\/p><figure class=\"wp-block-table is-style-regular\"><table class=\"has-white-background-color has-background\"><thead><tr><th>Criterio<\/th><th>Observaci\u00f3n<\/th><th>Puntuaci\u00f3n obtenida*<\/th><\/tr><\/thead><tbody><tr><td>Relaci\u00f3n calidad\/precio<\/td><td>Buena relaci\u00f3n calidad-precio<\/td><td>80 puntos<\/td><\/tr><tr><td>Recorte de calificaci\u00f3n<\/td><td>4,5 de 5,0 estrellas en Amazon<\/td><td>75 puntos<\/td><\/tr><\/tbody><tfoot><tr><td><\/td><td><strong>Total<\/strong><\/td><td><strong>78 puntos<\/strong><\/td><\/tr><\/tfoot><\/table><figcaption class=\"wp-element-caption\"><strong>Ponderaci\u00f3n: 15%.<\/strong><br>*La puntuaci\u00f3n m\u00e1xima es de 100 puntos<\/figcaption><\/figure><p>El <strong>portarretratos<\/strong> de <strong>Heimlich\u00ae<\/strong> tiene <strong>4,5 de 5,0 estrellas<\/strong> en <strong>Amazon<\/strong>. <br><strong>Los clientes elogian <\/strong>el <strong>dise\u00f1o de alta calidad<\/strong>, el <strong>montaje flexible y<\/strong> la <strong>precisi\u00f3n de ajuste<\/strong>. <strong>Algunos critican<\/strong> el <strong>precio <\/strong>y el <strong>embalaje<\/strong>, pero destacan la versatilidad de uso. A pesar de algunas cr\u00edticas, nuestra prueba pr\u00e1ctica confirma la calidad y la facilidad de uso.<\/p><p>En Internet se cobran precios de hasta <strong> 50 euros<\/strong> por <strong>productos equivalentes <\/strong>. Hay <strong>productos <\/strong>muy baratos a <strong>partir<\/strong> de <strong>13 euros<\/strong>. Por lo tanto, el <a href=\"https:\/\/www.amazon.de\/dp\/B0C6TWPW6F?th=1\"><strong>portarretratos<\/strong> <\/a> <strong>Heimlich\u00ae<\/strong> se encuentra actualmente en el <strong>segmento medio de precios<\/strong>, con un precio de <strong>24,90<\/strong> euros. Para la calidad y las prestaciones recibidas, <strong>la relaci\u00f3n calidad-precio es buena<\/strong>.<\/p><div style=\"height:50px\" aria-hidden=\"true\" class=\"wp-block-spacer\"><\/div><div class=\"wp-block-uagb-advanced-heading uagb-block-8ce513dc\" id=\"gesamtergebnis\"><h2 class=\"uagb-heading-text\">Resultado global<\/h2><\/div><figure class=\"wp-block-table is-style-stripes\"><table><thead><tr><th><\/th><th class=\"has-text-align-center\" data-align=\"center\">Ponderaci\u00f3n<\/th><th class=\"has-text-align-center\" data-align=\"center\">Puntuaci\u00f3n obtenida*<\/th><\/tr><\/thead><tbody><tr><td>1. embalaje y contenido<\/td><td class=\"has-text-align-center\" data-align=\"center\">20%<\/td><td class=\"has-text-align-center\" data-align=\"center\">100 puntos<\/td><\/tr><tr><td>2. procesamiento y aspecto del producto<\/td><td class=\"has-text-align-center\" data-align=\"center\">20%<\/td><td class=\"has-text-align-center\" data-align=\"center\">98 puntos<\/td><\/tr><tr><td>3. en la prueba pr\u00e1ctica<\/td><td class=\"has-text-align-center\" data-align=\"center\">45%<\/td><td class=\"has-text-align-center\" data-align=\"center\">100 puntos<\/td><\/tr><tr><td>4. precio\/prestaciones y opiniones de los consumidores<\/td><td class=\"has-text-align-center\" data-align=\"center\">15%<\/td><td class=\"has-text-align-center\" data-align=\"center\">78 puntos<\/td><\/tr><\/tbody><tfoot><tr><td><\/td><td class=\"has-text-align-center\" data-align=\"center\"><strong>Total<\/strong><\/td><td class=\"has-text-align-center\" data-align=\"center\"><strong>96 puntos<\/strong><\/td><\/tr><\/tfoot><\/table><figcaption class=\"wp-element-caption\">*La puntuaci\u00f3n m\u00e1xima es de 100 puntos<\/figcaption><\/figure><div style=\"height:30px\" aria-hidden=\"true\" class=\"wp-block-spacer\"><\/div><div class=\"wp-block-uagb-container uagb-block-f1f8706c alignwide uagb-is-root-container\"><div class=\"wp-block-uagb-container uagb-block-ad65ef87\"><\/div><\/div>","protected":false},"excerpt":{"rendered":"<p>El marco de fotos Heimlich\u00ae A3\/A4 encarna una armoniosa combinaci\u00f3n de est\u00e9tica y funcionalidad. Con este producto, podr\u00e1 exhibir con estilo sus recuerdos y obras de arte m\u00e1s preciados. Ya sea para un collage art\u00edstico, la presentaci\u00f3n de certificados oficiales o simplemente como escenario para fotograf\u00edas en formato A3, este marco impresiona por su ajuste [&hellip;]<\/p>\n","protected":false},"author":9,"featured_media":25235,"comment_status":"closed","ping_status":"closed","sticky":false,"template":"","format":"standard","meta":{"_acf_changed":false,"_gspb_post_css":"","inline_featured_image":false,"_uag_custom_page_level_css":"","ub_ctt_via":"","fifu_image_url":"","fifu_image_alt":"","footnotes":""},"categories":[6245],"tags":[16542,16543],"table_tags":[],"class_list":["post-112922","post","type-post","status-publish","format-standard","has-post-thumbnail","hentry","category-wohnen","tag-7-x-42cm-holzrahmen-holzbilderrahmen-poster-echtholz-es","tag-artower-bilderrahmen-din-a3-30-x-42-cm-natur-holz-eiche-duenner-rahmen-posterrahmen-gross-vintage-collage-picture-frame-29-es"],"acf":[],"featured_image_src":"https:\/\/media.pruefengel.de\/2023\/08\/71GiVCdHIZL._AC_SL1500_.webp","author_info":{"display_name":"Cornelius","author_link":"https:\/\/pruefengel.de\/es\/author\/cornelius-kuehne\/"},"yoast_head":"<!-- This site is optimized with the Yoast SEO plugin v27.4 - https:\/\/yoast.com\/product\/yoast-seo-wordpress\/ -->\n<title>Portarretratos A3\/A4 en la prueba 2023 - Pr\u00fcfengel<\/title>\n<meta name=\"description\" content=\"El marco de fotos Heimlich\u00ae A3\/A4 encarna una armoniosa combinaci\u00f3n de est\u00e9tica y funcionalidad. Con este producto, podr\u00e1 exhibir con estilo sus recuerdos\" \/>\n<meta name=\"robots\" content=\"index, follow, max-snippet:-1, max-image-preview:large, max-video-preview:-1\" \/>\n<link rel=\"canonical\" href=\"https:\/\/pruefengel.de\/es\/portarretratos-a3-a4-en-la-prueba-2023\/\" \/>\n<meta property=\"og:locale\" content=\"es_ES\" \/>\n<meta property=\"og:type\" content=\"article\" \/>\n<meta property=\"og:title\" content=\"Portarretratos A3\/A4 en la prueba 2023 - Pr\u00fcfengel\" \/>\n<meta property=\"og:description\" content=\"El marco de fotos Heimlich\u00ae A3\/A4 encarna una armoniosa combinaci\u00f3n de est\u00e9tica y funcionalidad. Con este producto, podr\u00e1 exhibir con estilo sus recuerdos\" \/>\n<meta property=\"og:url\" content=\"https:\/\/pruefengel.de\/es\/portarretratos-a3-a4-en-la-prueba-2023\/\" \/>\n<meta property=\"og:site_name\" content=\"Pr\u00fcfengel\" \/>\n<meta property=\"article:published_time\" content=\"2023-08-21T13:32:22+00:00\" \/>\n<meta property=\"article:modified_time\" content=\"2025-04-30T12:42:12+00:00\" \/>\n<meta property=\"og:image\" content=\"https:\/\/pruefengel.de\/wp-content\/uploads\/2023\/08\/71GiVCdHIZL._AC_SL1500_.jpg\" \/>\n\t<meta property=\"og:image:width\" content=\"1281\" \/>\n\t<meta property=\"og:image:height\" content=\"1500\" \/>\n\t<meta property=\"og:image:type\" content=\"image\/jpeg\" \/>\n<meta name=\"author\" content=\"Cornelius\" \/>\n<meta name=\"twitter:card\" content=\"summary_large_image\" \/>\n<meta name=\"twitter:label1\" content=\"Escrito por\" \/>\n\t<meta name=\"twitter:data1\" content=\"Cornelius\" \/>\n\t<meta name=\"twitter:label2\" content=\"Tiempo de lectura\" \/>\n\t<meta name=\"twitter:data2\" content=\"2 minutos\" \/>\n<script type=\"application\/ld+json\" class=\"yoast-schema-graph\">{\"@context\":\"https:\\\/\\\/schema.org\",\"@graph\":[{\"@type\":\"Article\",\"@id\":\"https:\\\/\\\/pruefengel.de\\\/es\\\/portarretratos-a3-a4-en-la-prueba-2023\\\/#article\",\"isPartOf\":{\"@id\":\"https:\\\/\\\/pruefengel.de\\\/es\\\/portarretratos-a3-a4-en-la-prueba-2023\\\/\"},\"author\":{\"name\":\"Cornelius\",\"@id\":\"https:\\\/\\\/pruefengel.de\\\/es\\\/#\\\/schema\\\/person\\\/80cb90435f2e42603d6c8b92cc8402d6\"},\"headline\":\"Portarretratos A3\\\/A4 en la prueba 2023\",\"datePublished\":\"2023-08-21T13:32:22+00:00\",\"dateModified\":\"2025-04-30T12:42:12+00:00\",\"mainEntityOfPage\":{\"@id\":\"https:\\\/\\\/pruefengel.de\\\/es\\\/portarretratos-a3-a4-en-la-prueba-2023\\\/\"},\"wordCount\":441,\"publisher\":{\"@id\":\"https:\\\/\\\/pruefengel.de\\\/es\\\/#organization\"},\"image\":{\"@id\":\"https:\\\/\\\/pruefengel.de\\\/es\\\/portarretratos-a3-a4-en-la-prueba-2023\\\/#primaryimage\"},\"thumbnailUrl\":\"https:\\\/\\\/media.pruefengel.de\\\/2023\\\/08\\\/71GiVCdHIZL._AC_SL1500_.webp\",\"keywords\":[\"7 x 42cm | Holzrahmen | Holzbilderrahmen Poster Echtholz\",\"Artower\u00ae Bilderrahmen DIN A3 30 x 42 cm Natur Holz Eiche D\u00fcnner Rahmen | Posterrahmen Gro\u00df Vintage Collage | Picture Frame 29\"],\"articleSection\":[\"Vivir\"],\"inLanguage\":\"es\"},{\"@type\":\"WebPage\",\"@id\":\"https:\\\/\\\/pruefengel.de\\\/es\\\/portarretratos-a3-a4-en-la-prueba-2023\\\/\",\"url\":\"https:\\\/\\\/pruefengel.de\\\/es\\\/portarretratos-a3-a4-en-la-prueba-2023\\\/\",\"name\":\"Portarretratos A3\\\/A4 en la prueba 2023 - Pr\u00fcfengel\",\"isPartOf\":{\"@id\":\"https:\\\/\\\/pruefengel.de\\\/es\\\/#website\"},\"primaryImageOfPage\":{\"@id\":\"https:\\\/\\\/pruefengel.de\\\/es\\\/portarretratos-a3-a4-en-la-prueba-2023\\\/#primaryimage\"},\"image\":{\"@id\":\"https:\\\/\\\/pruefengel.de\\\/es\\\/portarretratos-a3-a4-en-la-prueba-2023\\\/#primaryimage\"},\"thumbnailUrl\":\"https:\\\/\\\/media.pruefengel.de\\\/2023\\\/08\\\/71GiVCdHIZL._AC_SL1500_.webp\",\"datePublished\":\"2023-08-21T13:32:22+00:00\",\"dateModified\":\"2025-04-30T12:42:12+00:00\",\"description\":\"El marco de fotos Heimlich\u00ae A3\\\/A4 encarna una armoniosa combinaci\u00f3n de est\u00e9tica y funcionalidad. Con este producto, podr\u00e1 exhibir con estilo sus recuerdos\",\"breadcrumb\":{\"@id\":\"https:\\\/\\\/pruefengel.de\\\/es\\\/portarretratos-a3-a4-en-la-prueba-2023\\\/#breadcrumb\"},\"inLanguage\":\"es\",\"potentialAction\":[{\"@type\":\"ReadAction\",\"target\":[\"https:\\\/\\\/pruefengel.de\\\/es\\\/portarretratos-a3-a4-en-la-prueba-2023\\\/\"]}]},{\"@type\":\"ImageObject\",\"inLanguage\":\"es\",\"@id\":\"https:\\\/\\\/pruefengel.de\\\/es\\\/portarretratos-a3-a4-en-la-prueba-2023\\\/#primaryimage\",\"url\":\"https:\\\/\\\/media.pruefengel.de\\\/2023\\\/08\\\/71GiVCdHIZL._AC_SL1500_.webp\",\"contentUrl\":\"https:\\\/\\\/media.pruefengel.de\\\/2023\\\/08\\\/71GiVCdHIZL._AC_SL1500_.webp\",\"width\":1281,\"height\":1500},{\"@type\":\"BreadcrumbList\",\"@id\":\"https:\\\/\\\/pruefengel.de\\\/es\\\/portarretratos-a3-a4-en-la-prueba-2023\\\/#breadcrumb\",\"itemListElement\":[{\"@type\":\"ListItem\",\"position\":1,\"name\":\"Startseite\",\"item\":\"https:\\\/\\\/pruefengel.de\\\/es\\\/\"},{\"@type\":\"ListItem\",\"position\":2,\"name\":\"Portarretratos A3\\\/A4 en la prueba 2023\"}]},{\"@type\":\"WebSite\",\"@id\":\"https:\\\/\\\/pruefengel.de\\\/es\\\/#website\",\"url\":\"https:\\\/\\\/pruefengel.de\\\/es\\\/\",\"name\":\"Pr\u00fcfengel\",\"description\":\"Wir testen Produkte!\",\"publisher\":{\"@id\":\"https:\\\/\\\/pruefengel.de\\\/es\\\/#organization\"},\"potentialAction\":[{\"@type\":\"SearchAction\",\"target\":{\"@type\":\"EntryPoint\",\"urlTemplate\":\"https:\\\/\\\/pruefengel.de\\\/es\\\/?s={search_term_string}\"},\"query-input\":{\"@type\":\"PropertyValueSpecification\",\"valueRequired\":true,\"valueName\":\"search_term_string\"}}],\"inLanguage\":\"es\"},{\"@type\":\"Organization\",\"@id\":\"https:\\\/\\\/pruefengel.de\\\/es\\\/#organization\",\"name\":\"Pr\u00fcfengel Institut\",\"url\":\"https:\\\/\\\/pruefengel.de\\\/es\\\/\",\"logo\":{\"@type\":\"ImageObject\",\"inLanguage\":\"es\",\"@id\":\"https:\\\/\\\/pruefengel.de\\\/es\\\/#\\\/schema\\\/logo\\\/image\\\/\",\"url\":\"http:\\\/\\\/pruefengel.de\\\/wp-content\\\/uploads\\\/2022\\\/05\\\/Icon.png\",\"contentUrl\":\"http:\\\/\\\/pruefengel.de\\\/wp-content\\\/uploads\\\/2022\\\/05\\\/Icon.png\",\"width\":2000,\"height\":1539,\"caption\":\"Pr\u00fcfengel Institut\"},\"image\":{\"@id\":\"https:\\\/\\\/pruefengel.de\\\/es\\\/#\\\/schema\\\/logo\\\/image\\\/\"}},{\"@type\":\"Person\",\"@id\":\"https:\\\/\\\/pruefengel.de\\\/es\\\/#\\\/schema\\\/person\\\/80cb90435f2e42603d6c8b92cc8402d6\",\"name\":\"Cornelius\",\"image\":{\"@type\":\"ImageObject\",\"inLanguage\":\"es\",\"@id\":\"https:\\\/\\\/secure.gravatar.com\\\/avatar\\\/8e1bf7c651d68ee73e04b215da8163b7978139d0bba1ad1cbc4c0a33e7090273?s=96&d=mm&r=g\",\"url\":\"https:\\\/\\\/secure.gravatar.com\\\/avatar\\\/8e1bf7c651d68ee73e04b215da8163b7978139d0bba1ad1cbc4c0a33e7090273?s=96&d=mm&r=g\",\"contentUrl\":\"https:\\\/\\\/secure.gravatar.com\\\/avatar\\\/8e1bf7c651d68ee73e04b215da8163b7978139d0bba1ad1cbc4c0a33e7090273?s=96&d=mm&r=g\",\"caption\":\"Cornelius\"}}]}<\/script>\n<!-- \/ Yoast SEO plugin. -->","yoast_head_json":{"title":"Portarretratos A3\/A4 en la prueba 2023 - Pr\u00fcfengel","description":"El marco de fotos Heimlich\u00ae A3\/A4 encarna una armoniosa combinaci\u00f3n de est\u00e9tica y funcionalidad. Con este producto, podr\u00e1 exhibir con estilo sus recuerdos","robots":{"index":"index","follow":"follow","max-snippet":"max-snippet:-1","max-image-preview":"max-image-preview:large","max-video-preview":"max-video-preview:-1"},"canonical":"https:\/\/pruefengel.de\/es\/portarretratos-a3-a4-en-la-prueba-2023\/","og_locale":"es_ES","og_type":"article","og_title":"Portarretratos A3\/A4 en la prueba 2023 - Pr\u00fcfengel","og_description":"El marco de fotos Heimlich\u00ae A3\/A4 encarna una armoniosa combinaci\u00f3n de est\u00e9tica y funcionalidad. Con este producto, podr\u00e1 exhibir con estilo sus recuerdos","og_url":"https:\/\/pruefengel.de\/es\/portarretratos-a3-a4-en-la-prueba-2023\/","og_site_name":"Pr\u00fcfengel","article_published_time":"2023-08-21T13:32:22+00:00","article_modified_time":"2025-04-30T12:42:12+00:00","og_image":[{"width":1281,"height":1500,"url":"https:\/\/pruefengel.de\/wp-content\/uploads\/2023\/08\/71GiVCdHIZL._AC_SL1500_.jpg","type":"image\/jpeg"}],"author":"Cornelius","twitter_card":"summary_large_image","twitter_misc":{"Escrito por":"Cornelius","Tiempo de lectura":"2 minutos"},"schema":{"@context":"https:\/\/schema.org","@graph":[{"@type":"Article","@id":"https:\/\/pruefengel.de\/es\/portarretratos-a3-a4-en-la-prueba-2023\/#article","isPartOf":{"@id":"https:\/\/pruefengel.de\/es\/portarretratos-a3-a4-en-la-prueba-2023\/"},"author":{"name":"Cornelius","@id":"https:\/\/pruefengel.de\/es\/#\/schema\/person\/80cb90435f2e42603d6c8b92cc8402d6"},"headline":"Portarretratos A3\/A4 en la prueba 2023","datePublished":"2023-08-21T13:32:22+00:00","dateModified":"2025-04-30T12:42:12+00:00","mainEntityOfPage":{"@id":"https:\/\/pruefengel.de\/es\/portarretratos-a3-a4-en-la-prueba-2023\/"},"wordCount":441,"publisher":{"@id":"https:\/\/pruefengel.de\/es\/#organization"},"image":{"@id":"https:\/\/pruefengel.de\/es\/portarretratos-a3-a4-en-la-prueba-2023\/#primaryimage"},"thumbnailUrl":"https:\/\/media.pruefengel.de\/2023\/08\/71GiVCdHIZL._AC_SL1500_.webp","keywords":["7 x 42cm | Holzrahmen | Holzbilderrahmen Poster Echtholz","Artower\u00ae Bilderrahmen DIN A3 30 x 42 cm Natur Holz Eiche D\u00fcnner Rahmen | Posterrahmen Gro\u00df Vintage Collage | Picture Frame 29"],"articleSection":["Vivir"],"inLanguage":"es"},{"@type":"WebPage","@id":"https:\/\/pruefengel.de\/es\/portarretratos-a3-a4-en-la-prueba-2023\/","url":"https:\/\/pruefengel.de\/es\/portarretratos-a3-a4-en-la-prueba-2023\/","name":"Portarretratos A3\/A4 en la prueba 2023 - Pr\u00fcfengel","isPartOf":{"@id":"https:\/\/pruefengel.de\/es\/#website"},"primaryImageOfPage":{"@id":"https:\/\/pruefengel.de\/es\/portarretratos-a3-a4-en-la-prueba-2023\/#primaryimage"},"image":{"@id":"https:\/\/pruefengel.de\/es\/portarretratos-a3-a4-en-la-prueba-2023\/#primaryimage"},"thumbnailUrl":"https:\/\/media.pruefengel.de\/2023\/08\/71GiVCdHIZL._AC_SL1500_.webp","datePublished":"2023-08-21T13:32:22+00:00","dateModified":"2025-04-30T12:42:12+00:00","description":"El marco de fotos Heimlich\u00ae A3\/A4 encarna una armoniosa combinaci\u00f3n de est\u00e9tica y funcionalidad. Con este producto, podr\u00e1 exhibir con estilo sus recuerdos","breadcrumb":{"@id":"https:\/\/pruefengel.de\/es\/portarretratos-a3-a4-en-la-prueba-2023\/#breadcrumb"},"inLanguage":"es","potentialAction":[{"@type":"ReadAction","target":["https:\/\/pruefengel.de\/es\/portarretratos-a3-a4-en-la-prueba-2023\/"]}]},{"@type":"ImageObject","inLanguage":"es","@id":"https:\/\/pruefengel.de\/es\/portarretratos-a3-a4-en-la-prueba-2023\/#primaryimage","url":"https:\/\/media.pruefengel.de\/2023\/08\/71GiVCdHIZL._AC_SL1500_.webp","contentUrl":"https:\/\/media.pruefengel.de\/2023\/08\/71GiVCdHIZL._AC_SL1500_.webp","width":1281,"height":1500},{"@type":"BreadcrumbList","@id":"https:\/\/pruefengel.de\/es\/portarretratos-a3-a4-en-la-prueba-2023\/#breadcrumb","itemListElement":[{"@type":"ListItem","position":1,"name":"Startseite","item":"https:\/\/pruefengel.de\/es\/"},{"@type":"ListItem","position":2,"name":"Portarretratos A3\/A4 en la prueba 2023"}]},{"@type":"WebSite","@id":"https:\/\/pruefengel.de\/es\/#website","url":"https:\/\/pruefengel.de\/es\/","name":"Pr\u00fcfengel","description":"Wir testen Produkte!","publisher":{"@id":"https:\/\/pruefengel.de\/es\/#organization"},"potentialAction":[{"@type":"SearchAction","target":{"@type":"EntryPoint","urlTemplate":"https:\/\/pruefengel.de\/es\/?s={search_term_string}"},"query-input":{"@type":"PropertyValueSpecification","valueRequired":true,"valueName":"search_term_string"}}],"inLanguage":"es"},{"@type":"Organization","@id":"https:\/\/pruefengel.de\/es\/#organization","name":"Pr\u00fcfengel Institut","url":"https:\/\/pruefengel.de\/es\/","logo":{"@type":"ImageObject","inLanguage":"es","@id":"https:\/\/pruefengel.de\/es\/#\/schema\/logo\/image\/","url":"http:\/\/pruefengel.de\/wp-content\/uploads\/2022\/05\/Icon.png","contentUrl":"http:\/\/pruefengel.de\/wp-content\/uploads\/2022\/05\/Icon.png","width":2000,"height":1539,"caption":"Pr\u00fcfengel Institut"},"image":{"@id":"https:\/\/pruefengel.de\/es\/#\/schema\/logo\/image\/"}},{"@type":"Person","@id":"https:\/\/pruefengel.de\/es\/#\/schema\/person\/80cb90435f2e42603d6c8b92cc8402d6","name":"Cornelius","image":{"@type":"ImageObject","inLanguage":"es","@id":"https:\/\/secure.gravatar.com\/avatar\/8e1bf7c651d68ee73e04b215da8163b7978139d0bba1ad1cbc4c0a33e7090273?s=96&d=mm&r=g","url":"https:\/\/secure.gravatar.com\/avatar\/8e1bf7c651d68ee73e04b215da8163b7978139d0bba1ad1cbc4c0a33e7090273?s=96&d=mm&r=g","contentUrl":"https:\/\/secure.gravatar.com\/avatar\/8e1bf7c651d68ee73e04b215da8163b7978139d0bba1ad1cbc4c0a33e7090273?s=96&d=mm&r=g","caption":"Cornelius"}}]}},"uagb_featured_image_src":{"full":["https:\/\/media.pruefengel.de\/2023\/08\/71GiVCdHIZL._AC_SL1500_.webp",1281,1500,false],"thumbnail":["https:\/\/media.pruefengel.de\/2023\/08\/71GiVCdHIZL._AC_SL1500_-150x150.jpg",150,150,true],"medium":["https:\/\/media.pruefengel.de\/2023\/08\/71GiVCdHIZL._AC_SL1500_-256x300.jpg",256,300,true],"medium_large":["https:\/\/media.pruefengel.de\/2023\/08\/71GiVCdHIZL._AC_SL1500_-768x899.jpg",768,899,true],"large":["https:\/\/media.pruefengel.de\/2023\/08\/71GiVCdHIZL._AC_SL1500_-874x1024.jpg",874,1024,true],"1536x1536":["https:\/\/media.pruefengel.de\/2023\/08\/71GiVCdHIZL._AC_SL1500_.webp",1281,1500,false],"2048x2048":["https:\/\/media.pruefengel.de\/2023\/08\/71GiVCdHIZL._AC_SL1500_.webp",1281,1500,false]},"uagb_author_info":{"display_name":"Cornelius","author_link":"https:\/\/pruefengel.de\/es\/author\/cornelius-kuehne\/"},"uagb_comment_info":0,"uagb_excerpt":"El marco de fotos Heimlich\u00ae A3\/A4 encarna una armoniosa combinaci\u00f3n de est\u00e9tica y funcionalidad. Con este producto, podr\u00e1 exhibir con estilo sus recuerdos y obras de arte m\u00e1s preciados. Ya sea para un collage art\u00edstico, la presentaci\u00f3n de certificados oficiales o simplemente como escenario para fotograf\u00edas en formato A3, este marco impresiona por su ajuste&hellip;","_links":{"self":[{"href":"https:\/\/pruefengel.de\/es\/wp-json\/wp\/v2\/posts\/112922","targetHints":{"allow":["GET"]}}],"collection":[{"href":"https:\/\/pruefengel.de\/es\/wp-json\/wp\/v2\/posts"}],"about":[{"href":"https:\/\/pruefengel.de\/es\/wp-json\/wp\/v2\/types\/post"}],"author":[{"embeddable":true,"href":"https:\/\/pruefengel.de\/es\/wp-json\/wp\/v2\/users\/9"}],"replies":[{"embeddable":true,"href":"https:\/\/pruefengel.de\/es\/wp-json\/wp\/v2\/comments?post=112922"}],"version-history":[{"count":3,"href":"https:\/\/pruefengel.de\/es\/wp-json\/wp\/v2\/posts\/112922\/revisions"}],"predecessor-version":[{"id":146116,"href":"https:\/\/pruefengel.de\/es\/wp-json\/wp\/v2\/posts\/112922\/revisions\/146116"}],"wp:featuredmedia":[{"embeddable":true,"href":"https:\/\/pruefengel.de\/es\/wp-json\/wp\/v2\/media\/25235"}],"wp:attachment":[{"href":"https:\/\/pruefengel.de\/es\/wp-json\/wp\/v2\/media?parent=112922"}],"wp:term":[{"taxonomy":"category","embeddable":true,"href":"https:\/\/pruefengel.de\/es\/wp-json\/wp\/v2\/categories?post=112922"},{"taxonomy":"post_tag","embeddable":true,"href":"https:\/\/pruefengel.de\/es\/wp-json\/wp\/v2\/tags?post=112922"},{"taxonomy":"table_tags","embeddable":true,"href":"https:\/\/pruefengel.de\/es\/wp-json\/wp\/v2\/table_tags?post=112922"}],"curies":[{"name":"wp","href":"https:\/\/api.w.org\/{rel}","templated":true}]}}